{"id":2078,"date":"2025-12-04T14:55:19","date_gmt":"2025-12-04T13:55:19","guid":{"rendered":"https:\/\/absolwent.uek.krakow.pl\/?p=2078"},"modified":"2026-01-13T12:53:07","modified_gmt":"2026-01-13T11:53:07","slug":"blekitny-bal-absolwentow-uniwersytetu-ekonomicznego-w-krakowie","status":"publish","type":"post","link":"https:\/\/absolwent.uek.krakow.pl\/?p=2078","title":{"rendered":"B\u0142\u0119kitny Bal Absolwent\u00f3w Uniwersytetu Ekonomicznego w Krakowie"},"content":{"rendered":"<p><div class=\"fusion-fullwidth fullwidth-box fusion-builder-row-1 fusion-flex-container has-pattern-background has-mask-background fusion-parallax-none hundred-percent-fullwidth non-hundred-percent-height-scrolling\" style=\"--awb-border-radius-top-left:0px;--awb-border-radius-top-right:0px;--awb-border-radius-bottom-right:0px;--awb-border-radius-bottom-left:0px;--awb-padding-right:0px;--awb-padding-bottom:0px;--awb-padding-left:0px;--awb-margin-top:-70px;--awb-background-image:url(&quot;https:\/\/absolwent.uek.krakow.pl\/wp-content\/uploads\/2025\/12\/bal-blekitny-rotator.webp&quot;);--awb-background-size:cover;--awb-flex-wrap:wrap;\" ><div class=\"fusion-builder-row fusion-row fusion-flex-align-items-stretch fusion-flex-content-wrap\" style=\"width:calc( 100% + 0px ) !important;max-width:calc( 100% + 0px ) !important;margin-left: calc(-0px \/ 2 );margin-right: calc(-0px \/ 2 );\"><div class=\"fusion-layout-column fusion_builder_column fusion-builder-column-0 fusion_builder_column_1_2 1_2 fusion-flex-column\" style=\"--awb-padding-top:11%;--awb-padding-right:12%;--awb-padding-bottom:12%;--awb-padding-left:12%;--awb-bg-color:rgba(18,116,189,0);--awb-bg-color-hover:rgba(18,116,189,0);--awb-bg-size:cover;--awb-width-large:50%;--awb-margin-top-large:0px;--awb-spacing-right-large:0px;--awb-margin-bottom-large:0px;--awb-spacing-left-large:0px;--awb-width-medium:50%;--awb-order-medium:0;--awb-spacing-right-medium:0px;--awb-spacing-left-medium:0px;--awb-width-small:100%;--awb-order-small:0;--awb-spacing-right-small:0px;--awb-spacing-left-small:0px;\" data-scroll-devices=\"small-visibility,medium-visibility,large-visibility\"><div class=\"fusion-column-wrapper fusion-column-has-shadow fusion-flex-justify-content-flex-start fusion-content-layout-column\"><div class=\"fusion-text fusion-text-1\" style=\"--awb-font-size:34px;--awb-line-height:1.2;--awb-text-transform:none;--awb-text-color:#ffffff;\"><h2><span style=\"color: #ffffff;\"><strong>B\u0142\u0119kitny Bal Absolwent\u00f3w<br \/>\nUniwersytetu Ekonomicznego<br \/>\nw Krakowie<\/strong> <\/span><\/h2>\n<\/div><\/div><\/div><div class=\"fusion-layout-column fusion_builder_column fusion-builder-column-1 fusion_builder_column_1_2 1_2 fusion-flex-column\" style=\"--awb-padding-bottom:0px;--awb-bg-position:center center;--awb-bg-size:cover;--awb-width-large:50%;--awb-margin-top-large:0px;--awb-spacing-right-large:0px;--awb-margin-bottom-large:0px;--awb-spacing-left-large:0px;--awb-width-medium:50%;--awb-order-medium:0;--awb-spacing-right-medium:0px;--awb-spacing-left-medium:0px;--awb-width-small:100%;--awb-order-small:0;--awb-spacing-right-small:0px;--awb-spacing-left-small:0px;\" data-scroll-devices=\"small-visibility,medium-visibility,large-visibility\"><div class=\"fusion-column-wrapper fusion-column-has-shadow fusion-flex-justify-content-flex-start fusion-content-layout-column\"><\/div><\/div><\/div><\/div><div class=\"fusion-fullwidth fullwidth-box fusion-builder-row-2 fusion-flex-container nonhundred-percent-fullwidth non-hundred-percent-height-scrolling\" style=\"--awb-border-radius-top-left:0px;--awb-border-radius-top-right:0px;--awb-border-radius-bottom-right:0px;--awb-border-radius-bottom-left:0px;--awb-padding-top:50px;--awb-padding-bottom:0px;--awb-background-color:#ffffff;--awb-flex-wrap:wrap;\" ><div class=\"fusion-builder-row fusion-row fusion-flex-align-items-flex-start fusion-flex-content-wrap\" style=\"max-width:1144px;margin-left: calc(-4% \/ 2 );margin-right: calc(-4% \/ 2 );\"><div class=\"fusion-layout-column fusion_builder_column fusion-builder-column-2 fusion_builder_column_2_3 2_3 fusion-flex-column\" style=\"--awb-bg-size:cover;--awb-width-large:66.666666666667%;--awb-margin-top-large:0px;--awb-spacing-right-large:2.88%;--awb-margin-bottom-large:20px;--awb-spacing-left-large:2.88%;--awb-width-medium:66.666666666667%;--awb-spacing-right-medium:2.88%;--awb-spacing-left-medium:2.88%;--awb-width-small:100%;--awb-spacing-right-small:1.92%;--awb-spacing-left-small:1.92%;\"><div class=\"fusion-column-wrapper fusion-flex-justify-content-flex-start fusion-content-layout-column\"><div class=\"fusion-text fusion-text-2\" style=\"--awb-text-transform:none;\"><h3><em>Szanowni Pa\u0144stwo,<\/em><\/h3>\n<p>Z rado\u015bci\u0105 przesy\u0142amy Pa\u0144stwu zaproszenie do udzia\u0142u w Balu B\u0142\u0119kitnym 2026, <strong>organizowanym przez<\/strong>\u00a0<strong>Stowarzyszenie Absolwent\u00f3w UEK<\/strong>,\u00a0<strong>pod patronatem JM Rektora UEK dr. hab. Bernarda Zi\u0119bickiego, prof. UEK. <\/strong>rozpoczynaj\u0105cym drugie stulecie Uniwersytetu Ekonomicznego w\u00a0Krakowie.<\/p>\n<p>Bal B\u0142\u0119kitny to doroczne wydarzenie integracyjne Absolwent\u00f3w, Pracownik\u00f3w i Sympatyk\u00f3w UEK z ponad 50-letni\u0105 tradycj\u0105, odbywaj\u0105ce si\u0119 w\u00a0okresie karnawa\u0142u (z przerw\u0105 w okresie\u00a0 pandemii).<\/p>\n<p><strong>Tegoroczny Bal B\u0142\u0119kitny, zaplanowany na dzie\u0144<\/strong> <strong>23 stycznia 2026 r. (pi\u0105tek) w Hotelu Galaxy w Krakowie,<\/strong> b\u0119dzie wyj\u0105tkowy, poniewa\u017c inicjujemy akcj\u0119 charytatywn\u0105:<\/p>\n<\/div><div class=\"fusion-text fusion-text-3\" style=\"--awb-text-transform:none;\"><div style=\"background: #f1f1f1; padding: 20px 40px; margin: 20px 0px;\">\n<h3><strong>Serca dla sztuki, sztuka dla serc. Absolwenci Absolwentom<\/strong><\/h3>\n<p>W tym roku wspieramy naszego Absolwenta, \u0141ukasza K\u0119dzior\u0119 w kosztach leczenia i rehabilitacji syna &#8211;\u00a0<strong>Bartka K\u0119dziory<\/strong><\/p>\n<p><img decoding=\"async\" class=\"alignnone wp-image-2132\" src=\"https:\/\/absolwent.uek.krakow.pl\/wp-content\/uploads\/2025\/12\/bartek-1.webp\" alt=\"\" width=\"251\" height=\"314\" srcset=\"https:\/\/absolwent.uek.krakow.pl\/wp-content\/uploads\/2025\/12\/bartek-1-200x250.webp 200w, https:\/\/absolwent.uek.krakow.pl\/wp-content\/uploads\/2025\/12\/bartek-1-240x300.webp 240w, https:\/\/absolwent.uek.krakow.pl\/wp-content\/uploads\/2025\/12\/bartek-1-400x500.webp 400w, https:\/\/absolwent.uek.krakow.pl\/wp-content\/uploads\/2025\/12\/bartek-1-600x751.webp 600w, https:\/\/absolwent.uek.krakow.pl\/wp-content\/uploads\/2025\/12\/bartek-1-768x961.webp 768w, https:\/\/absolwent.uek.krakow.pl\/wp-content\/uploads\/2025\/12\/bartek-1-800x1001.webp 800w, https:\/\/absolwent.uek.krakow.pl\/wp-content\/uploads\/2025\/12\/bartek-1-818x1024.webp 818w, https:\/\/absolwent.uek.krakow.pl\/wp-content\/uploads\/2025\/12\/bartek-1.webp 1035w\" sizes=\"(max-width: 251px) 100vw, 251px\" \/> \u00a0<img decoding=\"async\" class=\"alignnone wp-image-2133\" src=\"https:\/\/absolwent.uek.krakow.pl\/wp-content\/uploads\/2025\/12\/bartek-2.webp\" alt=\"\" width=\"252\" height=\"315\" srcset=\"https:\/\/absolwent.uek.krakow.pl\/wp-content\/uploads\/2025\/12\/bartek-2-200x250.webp 200w, https:\/\/absolwent.uek.krakow.pl\/wp-content\/uploads\/2025\/12\/bartek-2-240x300.webp 240w, https:\/\/absolwent.uek.krakow.pl\/wp-content\/uploads\/2025\/12\/bartek-2-400x500.webp 400w, https:\/\/absolwent.uek.krakow.pl\/wp-content\/uploads\/2025\/12\/bartek-2-600x751.webp 600w, https:\/\/absolwent.uek.krakow.pl\/wp-content\/uploads\/2025\/12\/bartek-2-768x961.webp 768w, https:\/\/absolwent.uek.krakow.pl\/wp-content\/uploads\/2025\/12\/bartek-2-800x1001.webp 800w, https:\/\/absolwent.uek.krakow.pl\/wp-content\/uploads\/2025\/12\/bartek-2-818x1024.webp 818w, https:\/\/absolwent.uek.krakow.pl\/wp-content\/uploads\/2025\/12\/bartek-2.webp 1035w\" sizes=\"(max-width: 252px) 100vw, 252px\" \/><\/p>\n<h4>Kilka s\u0142\u00f3w o Bartku:<\/h4>\n<p>Bartek urodzi\u0142 si\u0119 w 2009 roku jako wcze\u015bniak w 29 tygodniu z wad\u0105 wrodzon\u0105 prawego p\u0142uca. Po 16 dniach przeszed\u0142 zabieg usuni\u0119cia dolnego p\u0142ata prawego p\u0142uca. Jest chory na m\u00f3zgowe pora\u017cenie dzieci\u0119ce i g\u0142\u0119boki niedos\u0142uch. Wskutek g\u0142\u0119bokiego niedos\u0142uchu wyst\u0105pi\u0142a konieczno\u015b\u0107 wszczepienia implantu \u015blimakowego s\u0142uchu.<\/p>\n<p>Obecnie Bartek porusza si\u0119 na w\u00f3zku inwalidzkim i korzysta z systemu komunikacji Makaton. Prowadzony przez rodzic\u00f3w, opiekun\u00f3w lub przy pomocy chodzika mo\u017ce przej\u015b\u0107 dystans kilku metr\u00f3w. Jest to dla niego du\u017cy wysi\u0142ek fizyczny.<\/p>\n<p>Nie potrafi m\u00f3wi\u0107 i rozumie ze s\u0142uchu tylko kilka s\u0142\u00f3w. Ucz\u0119szcza do szko\u0142y specjalnej, jest dzieckiem pogodnym z poczuciem humoru. Mimo trudno\u015bci w komunikacji, potrafi porozumie\u0107 si\u0119 z otoczeniem za pomoc\u0105 gest\u00f3w i obraz\u00f3w PCS.<\/p>\n<p>Bartek wymaga sta\u0142ej i intensywnej rehabilitacji ruchowej oraz rehabilitacji s\u0142uchu. \u015aredniomiesi\u0119czny koszt rehabilitacji wynosi oko\u0142o 3000 z\u0142. Jego stan jest w ca\u0142o\u015bci uzale\u017cniony od intensywno\u015bci rehabilitacji. Z powodu post\u0119puj\u0105cej dysplazji bioder, w dalszej perspektywie znajduje si\u0119 operacja korekcji. Jest to bardzo skomplikowany zabieg, kt\u00f3ry spowoduje, \u017ce b\u0119dzie dzieckiem le\u017c\u0105cym przez wiele tygodni. Zabieg wi\u0105\u017ce si\u0119 z przeci\u0119ciem ko\u015bci biodrowej i ponownym zespoleniem. Intensywna rehabilitacja pozwala mo\u017cliwie najd\u0142u\u017cej przesun\u0105\u0107 w czasie post\u0119puj\u0105c\u0105 dysplazj\u0119.<\/p>\n<p>Niestety czasem wyst\u0119puj\u0105 wielodniowe przerwy w rehabilitacji, powodowane powszechnymi chorobami uk\u0142adu oddechowego. Wyst\u0105pienie tych chor\u00f3b uniemo\u017cliwia rehabilitacj\u0119 w okresie choroby. Czynnik ten, w po\u0142\u0105czeniu z okresem intensywnego wzrostu, powoduje pogorszenie formy i spadek zakresu ruchomo\u015bci w stawach. Z tego powodu rehabilitacja jest dla niego kluczowym elementem codziennego funkcjonowania.<\/p>\n<p>Wsparcie finansowe pozwoli na cz\u0119\u015bciowe sfinansowanie jego potrzeb zwi\u0105zanych z rozwojem i podtrzymaniem formy a tak\u017ce z zapewnieniem ci\u0105g\u0142ej rehabilitacji, zakupem sprz\u0119tu i nieustannych konsultacji lekarskich.<\/p>\n<\/div>\n<\/div><div ><a class=\"fusion-button button-flat fusion-button-default-size button-default fusion-button-default button-1 fusion-button-default-span fusion-button-default-type\" style=\"--button-border-radius-top-left:50px;--button-border-radius-top-right:50px;--button-border-radius-bottom-right:50px;--button-border-radius-bottom-left:50px;--button_margin-bottom:50px;\" target=\"_blank\" rel=\"noopener noreferrer\" href=\"https:\/\/absolwent.uek.krakow.pl\/?page_id=2147\"><span class=\"fusion-button-text awb-button__text awb-button__text--default\">REGULAMIN AUKCJI CHARYTATYWNEJ<\/span><\/a><\/div><div class=\"fusion-text fusion-text-4\" style=\"--awb-text-transform:none;\"><p><strong>Op\u0142ata za udzia\u0142 w Balu wynosi:<\/strong><\/p>\n<ul>\n<li>450 z\u0142 \u2013 dla cz\u0142onk\u00f3w SA UEK,<\/li>\n<li>490 z\u0142 \u2013 dla pozosta\u0142ych os\u00f3b.<\/li>\n<\/ul>\n<p><strong>\u00a0<\/strong><\/p>\n<p>Osoby ch\u0119tne do uczestnictwa w Balu prosimy o potwierdzenie tego faktu najp\u00f3\u017aniej <strong>do\u00a015 stycznia 2026 r.\u00a0<\/strong>poprzez:<\/p>\n<ol>\n<li>wype\u0142nienie formularza zg\u0142oszeniowego:<br \/>\n\ud83d\udc49\u00a0<a href=\"https:\/\/docs.google.com\/forms\/d\/e\/1FAIpQLSckDjsW_vykDr2jWbsaYx0zoc_oQiK7rTsjbYTkgg14jB8uiQ\/viewform?usp=publish-editor\">Formularz uczestnictwa<\/a><\/li>\n<li>dokonanie pe\u0142nej wp\u0142aty lub uzupe\u0142nienia dokonanej ju\u017c zaliczki na konto:<br \/>\n<strong>Stowarzyszenie Absolwent\u00f3w UEK<\/strong><br \/>\n<strong>73 2490 0005 0000 4530 1336 6629\u00a0(Alior Bank)<\/strong><br \/>\nz dopiskiem:\u00a0<strong><em>Bal 2026<\/em><\/strong><\/li>\n<\/ol>\n<p>Liczymy, \u017ce zechc\u0105 Pa\u0144stwo do\u0142\u0105czy\u0107 do tego wyj\u0105tkowego wydarzenia i otworzy\u0107 swe serca, wspieraj\u0105c Absolwenta w potrzebie.<\/p>\n<p>Jednocze\u015bnie b\u0119dzie to okazja do spotkania, wspomnie\u0144, od\u015bwie\u017cenia dawnych kontakt\u00f3w i radosnego \u015bwi\u0119towania w atmosferze elegancji, tradycji i wielu przewidzianych atrakcji.<\/p>\n<p>Niech tegoroczny Bal b\u0119dzie pi\u0119knym pocz\u0105tkiem drugiego stulecia Uniwersytetu Ekonomicznego w Krakowie.<\/p>\n<p>W imieniu Zarz\u0105du Stowarzyszenia Absolwent\u00f3w UEK<\/p>\n<\/div><div class=\"fusion-text fusion-text-5\" style=\"--awb-text-transform:none;--awb-margin-top:-1rem;\"><p style=\"text-align: right;\"><strong>dr Jolanta Juza<\/strong> &#8211; Prezes SA UEK<\/p>\n<\/div><\/div><\/div><\/div><\/div><div class=\"fusion-fullwidth fullwidth-box fusion-builder-row-3 fusion-flex-container hundred-percent-fullwidth non-hundred-percent-height-scrolling\" style=\"--awb-border-radius-top-left:0px;--awb-border-radius-top-right:0px;--awb-border-radius-bottom-right:0px;--awb-border-radius-bottom-left:0px;--awb-padding-top:0px;--awb-padding-right:0px;--awb-padding-bottom:0px;--awb-padding-left:0px;--awb-margin-top:0px;--awb-margin-bottom:0px;--awb-background-color:#ffffff;--awb-flex-wrap:wrap;\" ><div class=\"fusion-builder-row fusion-row fusion-flex-align-items-flex-end fusion-flex-content-wrap\" style=\"width:104% !important;max-width:104% !important;margin-left: calc(-4% \/ 2 );margin-right: calc(-4% \/ 2 );\"><div class=\"fusion-layout-column fusion_builder_column fusion-builder-column-3 fusion_builder_column_1_1 1_1 fusion-flex-column fusion-flex-align-self-flex-end\" style=\"--awb-padding-top:30px;--awb-bg-size:cover;--awb-width-large:100%;--awb-margin-top-large:0px;--awb-spacing-right-large:1.92%;--awb-margin-bottom-large:0px;--awb-spacing-left-large:1.92%;--awb-width-medium:100%;--awb-order-medium:0;--awb-spacing-right-medium:1.92%;--awb-spacing-left-medium:1.92%;--awb-width-small:100%;--awb-order-small:0;--awb-spacing-right-small:1.92%;--awb-spacing-left-small:1.92%;\"><div class=\"fusion-column-wrapper fusion-column-has-shadow fusion-flex-justify-content-flex-start fusion-content-layout-column\"><\/div><\/div><\/div><\/div><div class=\"fusion-fullwidth fullwidth-box fusion-builder-row-4 fusion-flex-container nonhundred-percent-fullwidth non-hundred-percent-height-scrolling\" style=\"--awb-border-radius-top-left:0px;--awb-border-radius-top-right:0px;--awb-border-radius-bottom-right:0px;--awb-border-radius-bottom-left:0px;--awb-flex-wrap:wrap;\" ><div class=\"fusion-builder-row fusion-row fusion-flex-align-items-flex-start fusion-flex-content-wrap\" style=\"max-width:1144px;margin-left: calc(-4% \/ 2 );margin-right: calc(-4% \/ 2 );\"><div class=\"fusion-layout-column fusion_builder_column fusion-builder-column-4 fusion_builder_column_1_1 1_1 fusion-flex-column\" style=\"--awb-bg-size:cover;--awb-width-large:100%;--awb-margin-top-large:0px;--awb-spacing-right-large:1.92%;--awb-margin-bottom-large:0px;--awb-spacing-left-large:1.92%;--awb-width-medium:100%;--awb-spacing-right-medium:1.92%;--awb-spacing-left-medium:1.92%;--awb-width-small:100%;--awb-spacing-right-small:1.92%;--awb-spacing-left-small:1.92%;\"><div class=\"fusion-column-wrapper fusion-flex-justify-content-flex-start fusion-content-layout-column\"><div class=\"fusion-text fusion-text-6\"><\/div><\/div><\/div><\/div><\/div><\/p>\n","protected":false},"excerpt":{"rendered":"<p>Szanowni Pa\u0144stwo,<\/p>\n<p>Z prawdziw\u0105 rado\u015bci\u0105, po kilkuletniej przerwie, mamy zaszczyt zaprosi\u0107 Pa\u0144stwa do udzia\u0142u w Balu B\u0142\u0119kitnym 2026!<\/p>\n","protected":false},"author":4,"featured_media":2125,"comment_status":"closed","ping_status":"closed","sticky":false,"template":"","format":"standard","meta":{"footnotes":""},"categories":[139],"tags":[],"class_list":["post-2078","post","type-post","status-publish","format-standard","has-post-thumbnail","hentry","category-aktualnosci"],"_links":{"self":[{"href":"https:\/\/absolwent.uek.krakow.pl\/index.php?rest_route=\/wp\/v2\/posts\/2078","targetHints":{"allow":["GET"]}}],"collection":[{"href":"https:\/\/absolwent.uek.krakow.pl\/index.php?rest_route=\/wp\/v2\/posts"}],"about":[{"href":"https:\/\/absolwent.uek.krakow.pl\/index.php?rest_route=\/wp\/v2\/types\/post"}],"author":[{"embeddable":true,"href":"https:\/\/absolwent.uek.krakow.pl\/index.php?rest_route=\/wp\/v2\/users\/4"}],"replies":[{"embeddable":true,"href":"https:\/\/absolwent.uek.krakow.pl\/index.php?rest_route=%2Fwp%2Fv2%2Fcomments&post=2078"}],"version-history":[{"count":27,"href":"https:\/\/absolwent.uek.krakow.pl\/index.php?rest_route=\/wp\/v2\/posts\/2078\/revisions"}],"predecessor-version":[{"id":2160,"href":"https:\/\/absolwent.uek.krakow.pl\/index.php?rest_route=\/wp\/v2\/posts\/2078\/revisions\/2160"}],"wp:featuredmedia":[{"embeddable":true,"href":"https:\/\/absolwent.uek.krakow.pl\/index.php?rest_route=\/wp\/v2\/media\/2125"}],"wp:attachment":[{"href":"https:\/\/absolwent.uek.krakow.pl\/index.php?rest_route=%2Fwp%2Fv2%2Fmedia&parent=2078"}],"wp:term":[{"taxonomy":"category","embeddable":true,"href":"https:\/\/absolwent.uek.krakow.pl\/index.php?rest_route=%2Fwp%2Fv2%2Fcategories&post=2078"},{"taxonomy":"post_tag","embeddable":true,"href":"https:\/\/absolwent.uek.krakow.pl\/index.php?rest_route=%2Fwp%2Fv2%2Ftags&post=2078"}],"curies":[{"name":"wp","href":"https:\/\/api.w.org\/{rel}","templated":true}]}}