{"id":2093,"date":"2025-11-20T01:16:49","date_gmt":"2025-11-20T00:16:49","guid":{"rendered":"https:\/\/absolwent.uek.krakow.pl\/?p=2093"},"modified":"2025-11-20T01:49:50","modified_gmt":"2025-11-20T00:49:50","slug":"regulamin-obrad-i-wyborow-walnego-zebrania-czlonkow-stowarzyszenia-absolwentow-uniwersytetu-ekonomicznego-w-krakowie","status":"publish","type":"post","link":"https:\/\/absolwent.uek.krakow.pl\/?p=2093","title":{"rendered":"REGULAMIN OBRAD I WYBOR\u00d3W Walnego Zebrania Cz\u0142onk\u00f3w Stowarzyszenia Absolwent\u00f3w Uniwersytetu Ekonomicznego w Krakowie"},"content":{"rendered":"<p><div class=\"fusion-fullwidth fullwidth-box fusion-builder-row-1 fusion-flex-container hundred-percent-fullwidth non-hundred-percent-height-scrolling\" style=\"--awb-border-radius-top-left:0px;--awb-border-radius-top-right:0px;--awb-border-radius-bottom-right:0px;--awb-border-radius-bottom-left:0px;--awb-padding-right:0px;--awb-padding-bottom:0px;--awb-padding-left:0px;--awb-margin-top:-70px;--awb-flex-wrap:wrap;\" ><div class=\"fusion-builder-row fusion-row fusion-flex-align-items-stretch fusion-flex-content-wrap\" style=\"width:calc( 100% + 0px ) !important;max-width:calc( 100% + 0px ) !important;margin-left: calc(-0px \/ 2 );margin-right: calc(-0px \/ 2 );\"><div class=\"fusion-layout-column fusion_builder_column fusion-builder-column-0 fusion_builder_column_1_2 1_2 fusion-flex-column\" style=\"--awb-padding-top:11%;--awb-padding-right:12%;--awb-padding-bottom:14%;--awb-padding-left:12%;--awb-bg-color:#87314b;--awb-bg-color-hover:#87314b;--awb-bg-size:cover;--awb-width-large:50%;--awb-margin-top-large:0px;--awb-spacing-right-large:0px;--awb-margin-bottom-large:0px;--awb-spacing-left-large:0px;--awb-width-medium:50%;--awb-order-medium:0;--awb-spacing-right-medium:0px;--awb-spacing-left-medium:0px;--awb-width-small:100%;--awb-order-small:0;--awb-spacing-right-small:0px;--awb-spacing-left-small:0px;\"><div class=\"fusion-column-wrapper fusion-column-has-shadow fusion-flex-justify-content-flex-start fusion-content-layout-column\"><div class=\"fusion-text fusion-text-1\" style=\"--awb-font-size:34px;--awb-line-height:1.2;--awb-text-transform:none;--awb-text-color:#ffffff;\"><p><strong>REGULAMIN OBRAD I WYBOR\u00d3W<\/strong><\/p>\n<p><strong>Walnego Zebrania Cz\u0142onk\u00f3w<\/strong><\/p>\n<p><strong>Stowarzyszenia Absolwent\u00f3w<\/strong><\/p>\n<p><strong>Uniwersytetu Ekonomicznego w\u00a0Krakowie<br \/>\nw dniu 15.12.2025.<\/strong><\/p>\n<\/div><\/div><\/div><div class=\"fusion-layout-column fusion_builder_column fusion-builder-column-1 fusion_builder_column_1_2 1_2 fusion-flex-column\" style=\"--awb-padding-bottom:0px;--awb-bg-image:url(&#039;https:\/\/absolwent.uek.krakow.pl\/wp-content\/uploads\/2020\/02\/honorowi-slide.jpg&#039;);--awb-bg-position:center center;--awb-bg-size:cover;--awb-width-large:50%;--awb-margin-top-large:0px;--awb-spacing-right-large:0px;--awb-margin-bottom-large:0px;--awb-spacing-left-large:0px;--awb-width-medium:50%;--awb-order-medium:0;--awb-spacing-right-medium:0px;--awb-spacing-left-medium:0px;--awb-width-small:100%;--awb-order-small:0;--awb-spacing-right-small:0px;--awb-spacing-left-small:0px;\"><div class=\"fusion-column-wrapper fusion-column-has-shadow fusion-flex-justify-content-flex-start fusion-content-layout-column fusion-empty-column-bg-image fusion-column-has-bg-image\" data-bg-url=\"https:\/\/absolwent.uek.krakow.pl\/wp-content\/uploads\/2020\/02\/honorowi-slide.jpg\"><img decoding=\"async\" class=\"fusion-empty-dims-img-placeholder fusion-no-large-visibility fusion-no-medium-visibility\" aria-label=\"honorowi-slide\" src=\"data:image\/svg+xml,%3Csvg%20xmlns%3D%27http%3A%2F%2Fwww.w3.org%2F2000%2Fsvg%27%20width%3D%271950%27%20height%3D%27700%27%20viewBox%3D%270%200%201950%20700%27%3E%3Crect%20width%3D%271950%27%20height%3D%27700%27%20fill-opacity%3D%220%22%2F%3E%3C%2Fsvg%3E\"><\/div><\/div><\/div><\/div><div class=\"fusion-fullwidth fullwidth-box fusion-builder-row-2 fusion-flex-container nonhundred-percent-fullwidth non-hundred-percent-height-scrolling\" style=\"--awb-border-radius-top-left:0px;--awb-border-radius-top-right:0px;--awb-border-radius-bottom-right:0px;--awb-border-radius-bottom-left:0px;--awb-padding-top:50px;--awb-padding-bottom:0px;--awb-background-color:#ffffff;--awb-flex-wrap:wrap;\" ><div class=\"fusion-builder-row fusion-row fusion-flex-align-items-flex-start fusion-flex-content-wrap\" style=\"max-width:1144px;margin-left: calc(-4% \/ 2 );margin-right: calc(-4% \/ 2 );\"><div class=\"fusion-layout-column fusion_builder_column fusion-builder-column-2 fusion_builder_column_2_3 2_3 fusion-flex-column\" style=\"--awb-bg-size:cover;--awb-width-large:66.666666666667%;--awb-margin-top-large:0px;--awb-spacing-right-large:2.88%;--awb-margin-bottom-large:20px;--awb-spacing-left-large:2.88%;--awb-width-medium:66.666666666667%;--awb-spacing-right-medium:2.88%;--awb-spacing-left-medium:2.88%;--awb-width-small:100%;--awb-spacing-right-small:1.92%;--awb-spacing-left-small:1.92%;\"><div class=\"fusion-column-wrapper fusion-flex-justify-content-flex-start fusion-content-layout-column\"><div class=\"fusion-text fusion-text-2\" style=\"--awb-text-transform:none;\"><p><strong>\u00a0<\/strong><\/p>\n<ol type=\"A\">\n<li><strong>Prawomocno\u015b\u0107 Walnego Zebrania Cz\u0142onk\u00f3w Stowarzyszenia Absolwent\u00f3w Uniwersytetu Ekonomicznego w Krakowie i podejmowanych uchwa\u0142<\/strong><\/li>\n<\/ol>\n<p>Zebranie jest wa\u017cne przy obecno\u015bci przynajmniej po\u0142owy Cz\u0142onk\u00f3w SA UEK<br \/>\nw I terminie i bez wzgl\u0119du na liczb\u0119 Cz\u0142onk\u00f3w SA UEK W II terminie.<\/p>\n<ol>\n<li>W Walnym Zebraniu Cz\u0142onk\u00f3w (dalej: Walne Zebranie) Stowarzyszenia Absolwent\u00f3w Uniwersytetu Ekonomicznego w Krakowie (dalej: SA UEK, ) mog\u0105 uczestniczy\u0107:\n<ol type=\"a\">\n<li>Cz\u0142onkowie zwyczajni SA UEK, maj\u0105cy czynne i bierne prawo wyborcze (\u00a7 9 p. a, b Statutu),<\/li>\n<li>Cz\u0142onkowie honorowi SA UEK, maj\u0105cy czynne i bierne prawo wyborcze<br \/>\n(\u00a7 13 p. 4 Statutu)<\/li>\n<\/ol>\n<\/li>\n<li>Przed rozpocz\u0119ciem obrad uczestnicy Walnego Zebrania podpisuj\u0105\n<ol type=\"a\">\n<li>list\u0119 obecno\u015bci,<\/li>\n<li>o\u015bwiadczenie RODO.<\/li>\n<\/ol>\n<\/li>\n<li>Walne Zebranie:\n<ol type=\"a\">\n<li>przyjmuje Regulamin Obrad i Wybor\u00f3w oraz Porz\u0105dek Obrad,<\/li>\n<li>wybiera Prezydium Walnego Zebrania,<\/li>\n<li>ustala liczb\u0119 os\u00f3b w poszczeg\u00f3lnych organach W\u0142adz SA UEK zgodnie ze Statutem (Zarz\u0105d \u2013 11os\u00f3b (\u00a7 18 Statutu), Komisja Rewizyjna \u2013 3 osoby<br \/>\n(\u00a7 22 Statutu), S\u0105d Kole\u017ce\u0144ski &#8211; 3 osoby (\u00a7 26 Statutu),<\/li>\n<li>powo\u0142uje organy W\u0142adz Stowarzyszenia (\u00a7 17 Statutu),<\/li>\n<li>podejmuje uchwa\u0142y zgodne ze swoimi kompetencjami (\u00a7 17 Statutu).<\/li>\n<\/ol>\n<\/li>\n<li>Walne Zebranie prowadzi wybrane przez jego uczestnik\u00f3w Prezydium.<\/li>\n<li>Uchwa\u0142y Walnego Zebrania zapadaj\u0105 zwyk\u0142\u0105 wi\u0119kszo\u015bci\u0105 g\u0142os\u00f3w, za\u00a0wyj\u0105tkiem tych spraw, kt\u00f3re regulowane s\u0105 inaczej przez Statut Stowarzyszenia lub akty wy\u017cszej rangi (\u00a7 16 p. 6 Statutu).<\/li>\n<\/ol>\n<ol>\n<li><strong>Przeprowadzenie Walnego Zebrania oraz wybor\u00f3w<\/strong><\/li>\n<\/ol>\n<ol>\n<li>Walne Zebranie rozpoczyna Prezes SA UEK, kt\u00f3rego zadaniem jest przeprowadzenie wybor\u00f3w Prezydium Walnego Zebrania. Wyb\u00f3r Prezydium w sk\u0142adzie: Przewodnicz\u0105cy, Zast\u0119pca i Sekretarz, nast\u0119puje w\u00a0g\u0142osowaniu jawnym. Prawo zg\u0142aszania kandydat\u00f3w do Prezydium maj\u0105 wszyscy uczestniczy Walnego Zebrania. W sk\u0142ad Prezydium nie mog\u0105 wchodzi\u0107 osoby zamierzaj\u0105ce kandydowa\u0107 do organ\u00f3w W\u0142adz SA UEK.<\/li>\n<li>Do zada\u0144 Prezydium nale\u017cy:<\/li>\n<li>prowadzenie obrad Walnego Zebrania Cz\u0142onk\u00f3w SA UEK zgodnie z\u00a0przyj\u0119tym Regulaminem Obrad i Wybor\u00f3w oraz Porz\u0105dkiem Obrad,<\/li>\n<li>przyjmowanie zg\u0142osze\u0144 kandydat\u00f3w do poszczeg\u00f3lnych organ\u00f3w W\u0142adz SA UEK,<\/li>\n<li>przedstawienie Walnemu Zebraniu zg\u0142oszonych kandydat\u00f3w do nowych W\u0142adz Stowarzyszenia,<\/li>\n<li>pe\u0142nienie funkcji Komisji Wyborczej, w tym:\n<ul>\n<li>przygotowanie kart wyborczych i rozdanie ich osobom uprawnionym do g\u0142osowania,<\/li>\n<li>sporz\u0105dzenie protoko\u0142u z przeprowadzonych wybor\u00f3w, kt\u00f3ry jest dokumentem Walnego Zebrania wraz z wszelkimi materia\u0142ami\u00a0 zwi\u0105zanymi z wyborami,<\/li>\n<\/ul>\n<\/li>\n<li>pe\u0142nienie funkcji Komisji Skrutacyjnej, w tym:\n<ul>\n<li>techniczne i organizacyjne przeprowadzenie wybor\u00f3w,<\/li>\n<li>obliczanie g\u0142os\u00f3w,<\/li>\n<\/ul>\n<\/li>\n<li>og\u0142oszenie wynik\u00f3w wybor\u00f3w do organ\u00f3w W\u0142adz SA UEK,<\/li>\n<li>przygotowanie protoko\u0142u z Walnego Zebrania SA UEK.<\/li>\n<li>Kandydat\u00f3w do nowych organ\u00f3w W\u0142adz SA UEK zg\u0142asza\u0107 mo\u017ce ka\u017cdy Cz\u0142onek zwyczajny i honorowy SA UEK, w formie ustnej do Prezydium.<\/li>\n<li>Prawo kandydowania do w\u0142adz SA UEK przys\u0142uguje ka\u017cdemu Cz\u0142onkowi zwyczajnemu pod rygorem bie\u017c\u0105cego uregulowania sk\u0142adek cz\u0142onkowskich oraz Cz\u0142onkom honorowym.<\/li>\n<li>Proponowany kandydat do organ\u00f3w W\u0142adz SA musi wyrazi\u0107 zgod\u0119 na udzia\u0142 we w\u0142adzach:<\/li>\n<li>ustnie, gdy jest obecny na Walnym Zebraniu,<\/li>\n<li>pisemnie, w razie uzasadnionej nieobecno\u015bci na Walnym Zebraniu.<\/li>\n<li>Walne Zebranie zatwierdza list\u0119 cz\u0142onk\u00f3w kandyduj\u0105cych do poszczeg\u00f3lnych organ\u00f3w W\u0142adz Stowarzyszenia.<\/li>\n<li>Wybory do organ\u00f3w W\u0142adz Stowarzyszenia odbywaj\u0105 si\u0119 w g\u0142osowaniu tajnym (\u00a7 17 p. g Statutu) za pomoc\u0105 kart wyborczych przygotowanych przez Prezydium. Na karcie wyborczej umieszcza si\u0119 imi\u0119 i nazwiska kandydat\u00f3w w porz\u0105dku alfabetycznym i w podziale na poszczeg\u00f3lne organy W\u0142adz SA UEK (przy nazwie wybieranego organu W\u0142adz umieszczona winna by\u0107 przyj\u0119ta przez Walne Zebranie liczba cz\u0142onk\u00f3w tego organu).<\/li>\n<li>G\u0142os w g\u0142osowaniu tajnym jest wa\u017cny je\u017celi:<\/li>\n<li>zosta\u0142 oddany za pomoc\u0105 odpowiednio oznakowanej karty wyborczej wydanej przez Prezydium,<\/li>\n<li>liczba nie skre\u015blonych kandydat\u00f3w jest r\u00f3wna lub mniejsza od liczby cz\u0142onk\u00f3w organu W\u0142adz SA UEK zatwierdzonej przez Walne Zebranie,<\/li>\n<li>o wyborze kandydata na cz\u0142onka organu W\u0142adz SA UEK decyduje liczba oddanych na niego g\u0142os\u00f3w; do organu W\u0142adz wchodz\u0105 kandydaci, kt\u00f3rzy otrzymali najwi\u0119ksz\u0105 liczb\u0119 g\u0142os\u00f3w, w kolejno\u015bci ich uzyskania,<\/li>\n<li>w przypadku r\u00f3wnej liczby g\u0142os\u00f3w ostatnich kandydat\u00f3w wchodz\u0105cych do sk\u0142adu W\u0142adz, nast\u0119puje dodatkowe g\u0142osowanie dotycz\u0105ce tych kandydat\u00f3w.<\/li>\n<li>Zebranie konstytuuj\u0105ce poszczeg\u00f3lne organy W\u0142adz SA UEK powinno odby\u0107 si\u0119 po zako\u0144czeniu wybor\u00f3w w dniu Walnego Zebrania. Jest ono prawomocne, je\u017celi uczestniczy w nim 2\/3 os\u00f3b wybranych do danego rodzaju w\u0142adzy. Zebrania konstytuuj\u0105ce Zarz\u0105du, Komisji Rewizyjnej i\u00a0S\u0105du Kole\u017ce\u0144skiego odbywaj\u0105 si\u0119 oddzielnie, pod przewodnictwem Przewodnicz\u0105cego, Zast\u0119pcy Przewodnicz\u0105cego oraz Sekretarza Walnego Zebrania. Z zebra\u0144 konstytuuj\u0105cych organy W\u0142adz SA UEK sporz\u0105dzane s\u0105 protoko\u0142y, stanowi\u0105ce dokumentacj\u0119 Walnego Zebrania.<\/li>\n<\/ol>\n<ol>\n<li><strong>Dokumenty Walnego Zebrania Cz\u0142onk\u00f3w SA UEK<\/strong><\/li>\n<\/ol>\n<p>Dokumentami Walnego Zebrania s\u0105:<\/p>\n<ol>\n<li>lista obecno\u015bci uczestnik\u00f3w Walnego Zebrania,<\/li>\n<li>o\u015bwiadczenia uczestnik\u00f3w dotycz\u0105ce RODO,<\/li>\n<li>Regulamin Obrad i Wybor\u00f3w przyj\u0119ty przez Walne Zebranie,<\/li>\n<li>porz\u0105dek Obrad przyj\u0119ty przez Walne Zebranie,<\/li>\n<li>pisemne o\u015bwiadczenia nieobecnych kandydat\u00f3w do W\u0142adz SA UEK,<\/li>\n<li>przyj\u0119te przez Walne Zebranie listy kandydat\u00f3w do organ\u00f3w W\u0142adz SA UEK,<\/li>\n<li>oddane w trakcie tajnych g\u0142osowa\u0144 karty do g\u0142osowania,<\/li>\n<li>protoko\u0142y wybor\u00f3w do W\u0142adz SA UEK,<\/li>\n<li>uchwa\u0142y Walnego Zebrania SA UEK i zwi\u0105zana z nimi dokumentacja,<\/li>\n<li>protoko\u0142y zebra\u0144 konstytuuj\u0105cych organy W\u0142adz SA UEK,<\/li>\n<li>protok\u00f3\u0142 Walnego Zebrania SA UEK.\n<p style=\"text-align: right;\">Prezes<br \/>\nStowarzyszenia Absolwent\u00f3w<br \/>\nUniwersytetu Ekonomicznego w Krakowie<\/p>\n<\/li>\n<\/ol>\n<p style=\"text-align: right;\"><strong>dr Jolanta Juza<\/strong><\/p>\n<\/div><\/div><\/div><\/div><\/div><div class=\"fusion-fullwidth fullwidth-box fusion-builder-row-3 fusion-flex-container hundred-percent-fullwidth non-hundred-percent-height-scrolling\" style=\"--awb-border-radius-top-left:0px;--awb-border-radius-top-right:0px;--awb-border-radius-bottom-right:0px;--awb-border-radius-bottom-left:0px;--awb-padding-top:0px;--awb-padding-right:0px;--awb-padding-bottom:0px;--awb-padding-left:0px;--awb-margin-top:0px;--awb-margin-bottom:0px;--awb-background-color:#ffffff;--awb-flex-wrap:wrap;\" ><div class=\"fusion-builder-row fusion-row fusion-flex-align-items-flex-end fusion-flex-content-wrap\" style=\"width:104% !important;max-width:104% !important;margin-left: calc(-4% \/ 2 );margin-right: calc(-4% \/ 2 );\"><div class=\"fusion-layout-column fusion_builder_column fusion-builder-column-3 fusion_builder_column_1_1 1_1 fusion-flex-column fusion-flex-align-self-flex-end\" style=\"--awb-padding-top:30px;--awb-bg-size:cover;--awb-width-large:100%;--awb-margin-top-large:0px;--awb-spacing-right-large:1.92%;--awb-margin-bottom-large:0px;--awb-spacing-left-large:1.92%;--awb-width-medium:100%;--awb-order-medium:0;--awb-spacing-right-medium:1.92%;--awb-spacing-left-medium:1.92%;--awb-width-small:100%;--awb-order-small:0;--awb-spacing-right-small:1.92%;--awb-spacing-left-small:1.92%;\"><div class=\"fusion-column-wrapper fusion-column-has-shadow fusion-flex-justify-content-flex-start fusion-content-layout-column\"><\/div><\/div><\/div><\/div><\/p>\n","protected":false},"excerpt":{"rendered":"<p>Walne Zebranie Cz\u0142onk\u00f3w Stowarzyszenia Absolwent\u00f3w Uniwersytetu Ekonomicznego w Krakowie \u2013 15 grudnia 2025 r.<\/p>\n","protected":false},"author":4,"featured_media":1256,"comment_status":"closed","ping_status":"closed","sticky":false,"template":"","format":"standard","meta":{"footnotes":""},"categories":[139],"tags":[],"class_list":["post-2093","post","type-post","status-publish","format-standard","has-post-thumbnail","hentry","category-aktualnosci"],"_links":{"self":[{"href":"https:\/\/absolwent.uek.krakow.pl\/index.php?rest_route=\/wp\/v2\/posts\/2093","targetHints":{"allow":["GET"]}}],"collection":[{"href":"https:\/\/absolwent.uek.krakow.pl\/index.php?rest_route=\/wp\/v2\/posts"}],"about":[{"href":"https:\/\/absolwent.uek.krakow.pl\/index.php?rest_route=\/wp\/v2\/types\/post"}],"author":[{"embeddable":true,"href":"https:\/\/absolwent.uek.krakow.pl\/index.php?rest_route=\/wp\/v2\/users\/4"}],"replies":[{"embeddable":true,"href":"https:\/\/absolwent.uek.krakow.pl\/index.php?rest_route=%2Fwp%2Fv2%2Fcomments&post=2093"}],"version-history":[{"count":12,"href":"https:\/\/absolwent.uek.krakow.pl\/index.php?rest_route=\/wp\/v2\/posts\/2093\/revisions"}],"predecessor-version":[{"id":2105,"href":"https:\/\/absolwent.uek.krakow.pl\/index.php?rest_route=\/wp\/v2\/posts\/2093\/revisions\/2105"}],"wp:featuredmedia":[{"embeddable":true,"href":"https:\/\/absolwent.uek.krakow.pl\/index.php?rest_route=\/wp\/v2\/media\/1256"}],"wp:attachment":[{"href":"https:\/\/absolwent.uek.krakow.pl\/index.php?rest_route=%2Fwp%2Fv2%2Fmedia&parent=2093"}],"wp:term":[{"taxonomy":"category","embeddable":true,"href":"https:\/\/absolwent.uek.krakow.pl\/index.php?rest_route=%2Fwp%2Fv2%2Fcategories&post=2093"},{"taxonomy":"post_tag","embeddable":true,"href":"https:\/\/absolwent.uek.krakow.pl\/index.php?rest_route=%2Fwp%2Fv2%2Ftags&post=2093"}],"curies":[{"name":"wp","href":"https:\/\/api.w.org\/{rel}","templated":true}]}}