{"id":2284,"date":"2026-04-21T13:33:30","date_gmt":"2026-04-21T11:33:30","guid":{"rendered":"https:\/\/absolwent.uek.krakow.pl\/?p=2284"},"modified":"2026-04-22T14:51:48","modified_gmt":"2026-04-22T12:51:48","slug":"program-zjazd-absolwentow-uek","status":"publish","type":"post","link":"https:\/\/absolwent.uek.krakow.pl\/?p=2284","title":{"rendered":"Program \u2013 Zjazd Absolwent\u00f3w UEK"},"content":{"rendered":"<p><div class=\"fusion-fullwidth fullwidth-box fusion-builder-row-1 fusion-flex-container hundred-percent-fullwidth non-hundred-percent-height-scrolling\" style=\"--awb-border-radius-top-left:0px;--awb-border-radius-top-right:0px;--awb-border-radius-bottom-right:0px;--awb-border-radius-bottom-left:0px;--awb-padding-right:0px;--awb-padding-bottom:0px;--awb-padding-left:0px;--awb-margin-top:-70px;--awb-flex-wrap:wrap;\" ><div class=\"fusion-builder-row fusion-row fusion-flex-align-items-stretch fusion-flex-content-wrap\" style=\"width:calc( 100% + 0px ) !important;max-width:calc( 100% + 0px ) !important;margin-left: calc(-0px \/ 2 );margin-right: calc(-0px \/ 2 );\"><div class=\"fusion-layout-column fusion_builder_column fusion-builder-column-0 fusion_builder_column_2_5 2_5 fusion-flex-column\" style=\"--awb-padding-top:11%;--awb-padding-right:12%;--awb-padding-bottom:14%;--awb-padding-left:12%;--awb-bg-color:#87314b;--awb-bg-color-hover:#87314b;--awb-bg-size:cover;--awb-width-large:40%;--awb-margin-top-large:0px;--awb-spacing-right-large:0px;--awb-margin-bottom-large:0px;--awb-spacing-left-large:0px;--awb-width-medium:40%;--awb-order-medium:0;--awb-spacing-right-medium:0px;--awb-spacing-left-medium:0px;--awb-width-small:100%;--awb-order-small:0;--awb-spacing-right-small:0px;--awb-spacing-left-small:0px;\"><div class=\"fusion-column-wrapper fusion-column-has-shadow fusion-flex-justify-content-flex-start fusion-content-layout-column\"><div class=\"fusion-text fusion-text-1\" style=\"--awb-font-size:34px;--awb-line-height:1.2;--awb-text-transform:none;--awb-text-color:#ffffff;\"><h2><span style=\"color: #ffffff;\">Program \u2013 Zjazd Absolwent\u00f3w UEK<\/span><\/h2>\n<\/div><\/div><\/div><div class=\"fusion-layout-column fusion_builder_column fusion-builder-column-1 fusion_builder_column_3_5 3_5 fusion-flex-column\" style=\"--awb-padding-bottom:0px;--awb-bg-image:url(&#039;https:\/\/absolwent.uek.krakow.pl\/wp-content\/uploads\/2026\/03\/wpis-zjazd-absolwentow.webp&#039;);--awb-bg-position:center center;--awb-bg-size:cover;--awb-width-large:60%;--awb-margin-top-large:0px;--awb-spacing-right-large:0px;--awb-margin-bottom-large:0px;--awb-spacing-left-large:0px;--awb-width-medium:60%;--awb-order-medium:0;--awb-spacing-right-medium:0px;--awb-spacing-left-medium:0px;--awb-width-small:100%;--awb-order-small:0;--awb-spacing-right-small:0px;--awb-spacing-left-small:0px;\" data-scroll-devices=\"small-visibility,medium-visibility,large-visibility\"><div class=\"fusion-column-wrapper fusion-column-has-shadow fusion-flex-justify-content-flex-start fusion-content-layout-column fusion-empty-column-bg-image fusion-column-has-bg-image\" data-bg-url=\"https:\/\/absolwent.uek.krakow.pl\/wp-content\/uploads\/2026\/03\/wpis-zjazd-absolwentow.webp\"><img decoding=\"async\" class=\"fusion-empty-dims-img-placeholder fusion-no-large-visibility fusion-no-medium-visibility\" aria-label=\"wpis-zjazd-absolwentow\" src=\"data:image\/svg+xml,%3Csvg%20xmlns%3D%27http%3A%2F%2Fwww.w3.org%2F2000%2Fsvg%27%20width%3D%271834%27%20height%3D%27879%27%20viewBox%3D%270%200%201834%20879%27%3E%3Crect%20width%3D%271834%27%20height%3D%27879%27%20fill-opacity%3D%220%22%2F%3E%3C%2Fsvg%3E\"><\/div><\/div><\/div><\/div><div class=\"fusion-fullwidth fullwidth-box fusion-builder-row-2 fusion-flex-container has-pattern-background has-mask-background nonhundred-percent-fullwidth non-hundred-percent-height-scrolling zjazd-absol\" style=\"--awb-border-radius-top-left:0px;--awb-border-radius-top-right:0px;--awb-border-radius-bottom-right:0px;--awb-border-radius-bottom-left:0px;--awb-padding-top:50px;--awb-padding-bottom:0px;--awb-background-color:#ffffff;--awb-flex-wrap:wrap;\" ><div class=\"fusion-builder-row fusion-row fusion-flex-align-items-flex-start fusion-flex-content-wrap\" style=\"max-width:1144px;margin-left: calc(-4% \/ 2 );margin-right: calc(-4% \/ 2 );\"><div class=\"fusion-layout-column fusion_builder_column fusion-builder-column-2 fusion_builder_column_4_5 4_5 fusion-flex-column\" style=\"--awb-bg-size:cover;--awb-width-large:80%;--awb-margin-top-large:0px;--awb-spacing-right-large:2.4%;--awb-margin-bottom-large:20px;--awb-spacing-left-large:2.4%;--awb-width-medium:80%;--awb-spacing-right-medium:2.4%;--awb-spacing-left-medium:2.4%;--awb-width-small:100%;--awb-spacing-right-small:1.92%;--awb-spacing-left-small:1.92%;\"><div class=\"fusion-column-wrapper fusion-flex-justify-content-flex-start fusion-content-layout-column\"><div class=\"fusion-text fusion-text-2\" style=\"--awb-text-transform:none;\"><h3><em>Szanowni Pa\u0144stwo<\/em><br \/>\n<em>Kole\u017canki i Koledzy <\/em><br \/>\n<em>Absolwenci <\/em><em>AH, WSE, AE i UEK<\/em><\/h3>\n<p>Program Uroczysto\u015bci<\/p>\n<ul>\n<li><strong>12.00<\/strong><\/li>\n<\/ul>\n<p style=\"padding-left: 40px;\">Msza \u015awi\u0119ta w intencji Absolwent\u00f3w UEK<br \/>\n<em>Sanktuarium \u015bw. J\u00f3zefa Obro\u0144cy Miasta Krakowa, przy ul. Rakowickiej 18<\/em><\/p>\n<ul>\n<li><strong>13.00<\/strong><\/li>\n<\/ul>\n<p style=\"padding-left: 40px;\">Rejestracja Go\u015bci \u2013 parter paw. C wraz ze stoiskiem z pami\u0105tkami Uczelni<br \/>\noraz powitalny pocz\u0119stunek &#8211; I pi\u0119tro paw. C<\/p>\n<ul>\n<li><strong>13.40<\/strong><\/li>\n<\/ul>\n<p style=\"padding-left: 40px;\">Rozpocz\u0119cie Uroczysto\u015bci \u2013 Nowa Aula, I pi\u0119tro paw. C<br \/>\nPowitanie Go\u015bci &#8211; <strong>Prezes SA UEK<\/strong><br \/>\nS\u0142owo od JM Rektora, <strong>dr.hab. Bernarda Zi\u0119bickiego, prof.UEK<\/strong><\/p>\n<ul>\n<li><strong>14.00<\/strong><\/li>\n<\/ul>\n<p style=\"padding-left: 40px;\">Film: 100 lat Uniwersytetu Ekonomicznego w Krakowie<\/p>\n<ul>\n<li><strong>14.10<\/strong><\/li>\n<\/ul>\n<p style=\"padding-left: 40px;\">Wyk\u0142ad akademicki\u00a0 \u2013 <strong>prof. dr hab. dr h.c. Jerzy Hausner\u00a0\u00a0<\/strong><\/p>\n<ul>\n<li><strong>14.50<\/strong><\/li>\n<\/ul>\n<p style=\"padding-left: 40px;\">Wyst\u0119p Ch\u00f3ru Dominanta \u2013 od klasyki po rozrywk\u0119<\/p>\n<ul>\n<li><strong>15.15<\/strong><\/li>\n<\/ul>\n<p style=\"padding-left: 40px;\">Przerwa na herbat\u0119 i kaw\u0119<\/p>\n<ul>\n<li><strong>15.30<\/strong><\/li>\n<\/ul>\n<p style=\"padding-left: 40px;\">Spotkania rocznik\u00f3w Absolwent\u00f3w, sale w paw. C ( A, B, C, D, E, F )<\/p>\n<ul>\n<li><strong>16.00<\/strong><\/li>\n<\/ul>\n<p style=\"padding-left: 40px;\">UEK znany i nieznany; spacer po kampusie Uczelni<br \/>\n(<em>gab. JM, Muzeum, s. Senacka, s. Profesorska, Ogr\u00f3d Profesorski, Forum UEK<\/em>)<\/p>\n<ul>\n<li><strong>16.40<\/strong><\/li>\n<\/ul>\n<p style=\"padding-left: 40px;\">Integracja Absolwent\u00f3w przy muzyce i cateringu, ZaUEK<br \/>\nT\u0119 cz\u0119\u015b\u0107 rozpoczniemy Piosenk\u0105 Absolwent\u00f3w<\/p>\n<p class=\"Tretekstu\" style=\"margin-bottom: 0cm; text-align: right;\"><em><strong><span style=\"font-family: 'Aptos',sans-serif; color: black;\">Zarz\u0105d <\/span><span style=\"font-family: 'Aptos',sans-serif; color: black;\">Stowarzyszenia Absolwent\u00f3w UEK<\/span><\/strong><\/em><\/p>\n<\/div><\/div><\/div><\/div><\/div><div class=\"fusion-fullwidth fullwidth-box fusion-builder-row-3 fusion-flex-container hundred-percent-fullwidth non-hundred-percent-height-scrolling\" style=\"--awb-border-radius-top-left:0px;--awb-border-radius-top-right:0px;--awb-border-radius-bottom-right:0px;--awb-border-radius-bottom-left:0px;--awb-padding-top:0px;--awb-padding-right:0px;--awb-padding-bottom:0px;--awb-padding-left:0px;--awb-margin-top:0px;--awb-margin-bottom:0px;--awb-background-color:#ffffff;--awb-flex-wrap:wrap;\" ><div class=\"fusion-builder-row fusion-row fusion-flex-align-items-flex-end fusion-flex-content-wrap\" style=\"width:104% !important;max-width:104% !important;margin-left: calc(-4% \/ 2 );margin-right: calc(-4% \/ 2 );\"><div class=\"fusion-layout-column fusion_builder_column fusion-builder-column-3 fusion_builder_column_1_1 1_1 fusion-flex-column fusion-flex-align-self-flex-end\" style=\"--awb-padding-top:30px;--awb-bg-size:cover;--awb-width-large:100%;--awb-margin-top-large:0px;--awb-spacing-right-large:1.92%;--awb-margin-bottom-large:0px;--awb-spacing-left-large:1.92%;--awb-width-medium:100%;--awb-order-medium:0;--awb-spacing-right-medium:1.92%;--awb-spacing-left-medium:1.92%;--awb-width-small:100%;--awb-order-small:0;--awb-spacing-right-small:1.92%;--awb-spacing-left-small:1.92%;\"><div class=\"fusion-column-wrapper fusion-column-has-shadow fusion-flex-justify-content-flex-start fusion-content-layout-column\"><\/div><\/div><\/div><\/div><\/p>\n","protected":false},"excerpt":{"rendered":"<p>Zarz\u0105d Stowarzyszenia Absolwent\u00f3w Uniwersytetu Ekonomicznego w Krakowie zaprasza na Absolwenckie Wydarzenie, rozpoczynaj\u0105ce Nowe 100 &#8211; lecie Uczelni, czyli Zjazd Absolwent\u00f3w pod has\u0142em: &#8221; Wsp\u00f3lne korzenie, r\u00f3\u017cne drogi&#8221; w dniu 20 czerwca 2026 r. <\/p>\n","protected":false},"author":4,"featured_media":2260,"comment_status":"closed","ping_status":"closed","sticky":false,"template":"","format":"standard","meta":{"footnotes":""},"categories":[139],"tags":[],"class_list":["post-2284","post","type-post","status-publish","format-standard","has-post-thumbnail","hentry","category-aktualnosci"],"_links":{"self":[{"href":"https:\/\/absolwent.uek.krakow.pl\/index.php?rest_route=\/wp\/v2\/posts\/2284","targetHints":{"allow":["GET"]}}],"collection":[{"href":"https:\/\/absolwent.uek.krakow.pl\/index.php?rest_route=\/wp\/v2\/posts"}],"about":[{"href":"https:\/\/absolwent.uek.krakow.pl\/index.php?rest_route=\/wp\/v2\/types\/post"}],"author":[{"embeddable":true,"href":"https:\/\/absolwent.uek.krakow.pl\/index.php?rest_route=\/wp\/v2\/users\/4"}],"replies":[{"embeddable":true,"href":"https:\/\/absolwent.uek.krakow.pl\/index.php?rest_route=%2Fwp%2Fv2%2Fcomments&post=2284"}],"version-history":[{"count":12,"href":"https:\/\/absolwent.uek.krakow.pl\/index.php?rest_route=\/wp\/v2\/posts\/2284\/revisions"}],"predecessor-version":[{"id":2297,"href":"https:\/\/absolwent.uek.krakow.pl\/index.php?rest_route=\/wp\/v2\/posts\/2284\/revisions\/2297"}],"wp:featuredmedia":[{"embeddable":true,"href":"https:\/\/absolwent.uek.krakow.pl\/index.php?rest_route=\/wp\/v2\/media\/2260"}],"wp:attachment":[{"href":"https:\/\/absolwent.uek.krakow.pl\/index.php?rest_route=%2Fwp%2Fv2%2Fmedia&parent=2284"}],"wp:term":[{"taxonomy":"category","embeddable":true,"href":"https:\/\/absolwent.uek.krakow.pl\/index.php?rest_route=%2Fwp%2Fv2%2Fcategories&post=2284"},{"taxonomy":"post_tag","embeddable":true,"href":"https:\/\/absolwent.uek.krakow.pl\/index.php?rest_route=%2Fwp%2Fv2%2Ftags&post=2284"}],"curies":[{"name":"wp","href":"https:\/\/api.w.org\/{rel}","templated":true}]}}